{"id":2273,"date":"2024-03-22T21:37:30","date_gmt":"2024-03-22T20:37:30","guid":{"rendered":"https:\/\/www.kimo.si\/2024\/03\/22\/registracija-blagovne-znamke\/"},"modified":"2024-04-21T21:56:33","modified_gmt":"2024-04-21T19:56:33","slug":"markenregistrierung","status":"publish","type":"post","link":"https:\/\/www.kimo.si\/de\/2024\/03\/22\/markenregistrierung\/","title":{"rendered":"Markenregistrierung"},"content":{"rendered":"<p>Wir freuen uns, bekannt zu geben, dass KIMO jetzt eine offiziell registrierte Marke beim Amt der Europ\u00e4ischen Union f\u00fcr geistiges Eigentum ist! Dieser Meilenstein markiert einen bedeutenden Schritt in unserer Wachstums- und Innovationsgeschichte. Die Registrierung unterstreicht unser Engagement f\u00fcr Qualit\u00e4t und Innovation und best\u00e4tigt die Anerkennung unseres Markennamens auf dem europ\u00e4ischen Markt.<\/p>\n<p>Wir sind stolz auf diesen Erfolg, der das Ergebnis des Engagements unseres Teams und des Vertrauens unserer Kunden ist. Wir danken allen, die Teil dieser Reise waren, und versprechen, weiterhin Produkte und Dienstleistungen zu entwickeln, auf die Sie sich verlassen k\u00f6nnen.<\/p>\n<p>Vielen Dank f\u00fcr Ihre Unterst\u00fctzung!<\/p>\n<p><img loading=\"lazy\" decoding=\"async\" class=\"size-medium wp-image-2265 aligncenter\" src=\"https:\/\/www.kimo.si\/wp-content\/uploads\/2024\/04\/Certificate-of-registration-300x211.png\" alt=\"\" width=\"300\" height=\"211\" srcset=\"https:\/\/www.kimo.si\/wp-content\/uploads\/2024\/04\/Certificate-of-registration-300x211.png 300w, https:\/\/www.kimo.si\/wp-content\/uploads\/2024\/04\/Certificate-of-registration-768x540.png 768w, https:\/\/www.kimo.si\/wp-content\/uploads\/2024\/04\/Certificate-of-registration-705x496.png 705w, https:\/\/www.kimo.si\/wp-content\/uploads\/2024\/04\/Certificate-of-registration.png 997w\" sizes=\"auto, (max-width: 300px) 100vw, 300px\" \/><\/p>\n","protected":false},"excerpt":{"rendered":"<p>Wir freuen uns, bekannt zu geben, dass KIMO jetzt eine offiziell registrierte Marke beim Amt der Europ\u00e4ischen Union f\u00fcr geistiges Eigentum ist! Dieser Meilenstein markiert einen bedeutenden Schritt in unserer Wachstums- und Innovationsgeschichte. Die Registrierung unterstreicht unser Engagement f\u00fcr Qualit\u00e4t und Innovation und best\u00e4tigt die Anerkennung unseres Markennamens auf dem europ\u00e4ischen Markt. Wir sind stolz [&hellip;]<\/p>\n","protected":false},"author":1,"featured_media":2267,"comment_status":"closed","ping_status":"open","sticky":false,"template":"","format":"standard","meta":{"footnotes":""},"categories":[45],"tags":[],"class_list":["post-2273","post","type-post","status-publish","format-standard","has-post-thumbnail","hentry","category-news-de"],"_links":{"self":[{"href":"https:\/\/www.kimo.si\/de\/wp-json\/wp\/v2\/posts\/2273","targetHints":{"allow":["GET"]}}],"collection":[{"href":"https:\/\/www.kimo.si\/de\/wp-json\/wp\/v2\/posts"}],"about":[{"href":"https:\/\/www.kimo.si\/de\/wp-json\/wp\/v2\/types\/post"}],"author":[{"embeddable":true,"href":"https:\/\/www.kimo.si\/de\/wp-json\/wp\/v2\/users\/1"}],"replies":[{"embeddable":true,"href":"https:\/\/www.kimo.si\/de\/wp-json\/wp\/v2\/comments?post=2273"}],"version-history":[{"count":2,"href":"https:\/\/www.kimo.si\/de\/wp-json\/wp\/v2\/posts\/2273\/revisions"}],"predecessor-version":[{"id":2280,"href":"https:\/\/www.kimo.si\/de\/wp-json\/wp\/v2\/posts\/2273\/revisions\/2280"}],"wp:featuredmedia":[{"embeddable":true,"href":"https:\/\/www.kimo.si\/de\/wp-json\/wp\/v2\/media\/2267"}],"wp:attachment":[{"href":"https:\/\/www.kimo.si\/de\/wp-json\/wp\/v2\/media?parent=2273"}],"wp:term":[{"taxonomy":"category","embeddable":true,"href":"https:\/\/www.kimo.si\/de\/wp-json\/wp\/v2\/categories?post=2273"},{"taxonomy":"post_tag","embeddable":true,"href":"https:\/\/www.kimo.si\/de\/wp-json\/wp\/v2\/tags?post=2273"}],"curies":[{"name":"wp","href":"https:\/\/api.w.org\/{rel}","templated":true}]}}